{"id":361,"date":"2015-11-18T22:28:10","date_gmt":"2015-11-18T22:28:10","guid":{"rendered":"http:\/\/mcrichter.de\/tanzen\/?p=361"},"modified":"2024-08-01T16:13:07","modified_gmt":"2024-08-01T14:13:07","slug":"presse-facebook","status":"publish","type":"post","link":"https:\/\/www.tsvtanzen.de\/?p=361","title":{"rendered":"Presse \/ Facebook"},"content":{"rendered":"<p>Am 18.11.2015 erschien ein <a href=\"http:\/\/www.morgenweb.de\/region\/bergstrasser-anzeiger\/bensheim\/tanzabteilung-weiter-im-aufwind-1.2523575\" target=\"_blank\" rel=\"noopener\">Bericht<\/a> \u00fcber unsere Abteilung im Morgenweb und auch im Bergstr\u00e4\u00dfer Anzeige.<\/p>\n<p>Zwischenzeitlich sind wir auch auf <a href=\"https:\/\/www.facebook.com\/792996880817381\/\" target=\"_blank\" rel=\"noopener\">Facebook<\/a> vertreten. Zum Aufruf der Seite muss man bei Facebook angemeldet sein.<\/p>\n","protected":false},"excerpt":{"rendered":"<p>Am 18.11.2015 erschien ein Bericht \u00fcber unsere Abteilung im Morgenweb und auch im Bergstr\u00e4\u00dfer Anzeige. Zwischenzeitlich sind wir auch auf Facebook vertreten. Zum Aufruf der Seite muss man bei Facebook angemeldet sein.<\/p>\n","protected":false},"author":1,"featured_media":0,"comment_status":"open","ping_status":"open","sticky":false,"template":"","format":"standard","meta":{"footnotes":""},"categories":[1],"tags":[],"class_list":["post-361","post","type-post","status-publish","format-standard","hentry","category-allgemein"],"_links":{"self":[{"href":"https:\/\/www.tsvtanzen.de\/index.php?rest_route=\/wp\/v2\/posts\/361","targetHints":{"allow":["GET"]}}],"collection":[{"href":"https:\/\/www.tsvtanzen.de\/index.php?rest_route=\/wp\/v2\/posts"}],"about":[{"href":"https:\/\/www.tsvtanzen.de\/index.php?rest_route=\/wp\/v2\/types\/post"}],"author":[{"embeddable":true,"href":"https:\/\/www.tsvtanzen.de\/index.php?rest_route=\/wp\/v2\/users\/1"}],"replies":[{"embeddable":true,"href":"https:\/\/www.tsvtanzen.de\/index.php?rest_route=%2Fwp%2Fv2%2Fcomments&post=361"}],"version-history":[{"count":3,"href":"https:\/\/www.tsvtanzen.de\/index.php?rest_route=\/wp\/v2\/posts\/361\/revisions"}],"predecessor-version":[{"id":5228,"href":"https:\/\/www.tsvtanzen.de\/index.php?rest_route=\/wp\/v2\/posts\/361\/revisions\/5228"}],"wp:attachment":[{"href":"https:\/\/www.tsvtanzen.de\/index.php?rest_route=%2Fwp%2Fv2%2Fmedia&parent=361"}],"wp:term":[{"taxonomy":"category","embeddable":true,"href":"https:\/\/www.tsvtanzen.de\/index.php?rest_route=%2Fwp%2Fv2%2Fcategories&post=361"},{"taxonomy":"post_tag","embeddable":true,"href":"https:\/\/www.tsvtanzen.de\/index.php?rest_route=%2Fwp%2Fv2%2Ftags&post=361"}],"curies":[{"name":"wp","href":"https:\/\/api.w.org\/{rel}","templated":true}]}}