{"id":4361,"date":"2020-06-21T16:49:06","date_gmt":"2020-06-21T14:49:06","guid":{"rendered":"http:\/\/mcrichter.de\/tanzen\/?p=4361"},"modified":"2020-06-21T16:52:24","modified_gmt":"2020-06-21T14:52:24","slug":"wie-geht-es-mit-den-kursen-weiter","status":"publish","type":"post","link":"https:\/\/www.tsvtanzen.de\/?p=4361","title":{"rendered":"Wie geht es mit den Kursen weiter&#8230;"},"content":{"rendered":"\n<p>Nachdem jetzt die Gruppen wieder regelm\u00e4\u00dfig trainieren, m\u00fcssen auch noch unserer Kurse wieder starten&#8230;<\/p>\n\n\n\n<p>Mit den aktuellen <a href=\"http:\/\/mcrichter.de\/tanzen\/wp-content\/uploads\/Trainingskonzept-Tanzen.pdf\">Hygieneregeln<\/a> ist ein freies Tanzen in der Halle leider nicht m\u00f6glich. Dies ist aber f\u00fcr das \u00dcben von beispielsweise Langsamen Walzer wichtig. Deshalb \u00fcberlegen wir aktuell wie wir trotzdem die Kurse sinnvoll neu starten k\u00f6nnen. Dies wird aber sicher nicht vor den Sommerferien m\u00f6glich sein.<\/p>\n\n\n\n<p>Bitte haben Sie noch etwas Geduld. Wir werden hier den aktuellen Stand informieren.<\/p>\n","protected":false},"excerpt":{"rendered":"<p>Nachdem jetzt die Gruppen wieder regelm\u00e4\u00dfig trainieren, m\u00fcssen auch noch unserer Kurse wieder starten&#8230; Mit den aktuellen Hygieneregeln ist ein freies Tanzen in der Halle leider nicht m\u00f6glich. Dies ist aber f\u00fcr das \u00dcben von beispielsweise Langsamen Walzer wichtig. Deshalb \u00fcberlegen wir aktuell wie wir trotzdem die Kurse sinnvoll neu starten k\u00f6nnen. Dies wird aber [&hellip;]<\/p>\n","protected":false},"author":1,"featured_media":0,"comment_status":"closed","ping_status":"open","sticky":false,"template":"","format":"standard","meta":{"footnotes":""},"categories":[1],"tags":[],"class_list":["post-4361","post","type-post","status-publish","format-standard","hentry","category-allgemein"],"_links":{"self":[{"href":"https:\/\/www.tsvtanzen.de\/index.php?rest_route=\/wp\/v2\/posts\/4361","targetHints":{"allow":["GET"]}}],"collection":[{"href":"https:\/\/www.tsvtanzen.de\/index.php?rest_route=\/wp\/v2\/posts"}],"about":[{"href":"https:\/\/www.tsvtanzen.de\/index.php?rest_route=\/wp\/v2\/types\/post"}],"author":[{"embeddable":true,"href":"https:\/\/www.tsvtanzen.de\/index.php?rest_route=\/wp\/v2\/users\/1"}],"replies":[{"embeddable":true,"href":"https:\/\/www.tsvtanzen.de\/index.php?rest_route=%2Fwp%2Fv2%2Fcomments&post=4361"}],"version-history":[{"count":2,"href":"https:\/\/www.tsvtanzen.de\/index.php?rest_route=\/wp\/v2\/posts\/4361\/revisions"}],"predecessor-version":[{"id":4363,"href":"https:\/\/www.tsvtanzen.de\/index.php?rest_route=\/wp\/v2\/posts\/4361\/revisions\/4363"}],"wp:attachment":[{"href":"https:\/\/www.tsvtanzen.de\/index.php?rest_route=%2Fwp%2Fv2%2Fmedia&parent=4361"}],"wp:term":[{"taxonomy":"category","embeddable":true,"href":"https:\/\/www.tsvtanzen.de\/index.php?rest_route=%2Fwp%2Fv2%2Fcategories&post=4361"},{"taxonomy":"post_tag","embeddable":true,"href":"https:\/\/www.tsvtanzen.de\/index.php?rest_route=%2Fwp%2Fv2%2Ftags&post=4361"}],"curies":[{"name":"wp","href":"https:\/\/api.w.org\/{rel}","templated":true}]}}