{"id":4386,"date":"2020-10-25T17:24:44","date_gmt":"2020-10-25T16:24:44","guid":{"rendered":"http:\/\/mcrichter.de\/tanzen\/?p=4386"},"modified":"2020-12-05T22:09:20","modified_gmt":"2020-12-05T21:09:20","slug":"corona","status":"publish","type":"post","link":"https:\/\/www.tsvtanzen.de\/?p=4386","title":{"rendered":"Corona"},"content":{"rendered":"\n<p><strong>Update 05.12.202<\/strong><\/p>\n\n\n\n<p>Aktuell sieht es so aus, als w\u00fcrde der Teil-Lockdown bis zum 10.01.3021 verl\u00e4ngert. Genauere Informationen haben wir leider noch nicht. Sobald wir sagen k\u00f6nnen, wann das Training wieder starten kann, werden wir es hier und den WhatsApp-Gruppen mitteilen. Trotz allem w\u00fcnschen wir Euch eine besinnliche Adventszeit und bleibt gesund.<\/p>\n\n\n\n<p><strong>Update 24.11.2020<\/strong><\/p>\n\n\n\n<p>Leider wurde der Teil-Lockdown verl\u00e4ngert. Dadurch w\u00e4re eine Wiederaufnahme erst ab dem 20.12.2020 m\u00f6glich. Da dies in die Weihnachtszeit f\u00e4llt werden wir mit den Sportbetrieb erst wieder 2021 starten. <\/p>\n\n\n\n<p>Es tut uns leid Ihnen keine besser Nachrichten zu geben, de aktuelle Lage macht dies aber notwendig. Wir hoffen alle in 2021 gesund und munter zu den Kursen und Gruppen begr\u00fc\u00dfen zu d\u00fcrfen.<\/p>\n\n\n\n<p><strong>Update 27.10.2020<\/strong><\/p>\n\n\n\n<p>Heute wurde vom Pr\u00e4sidium der TSV Auerbach beschlossen, dass der Trainingsbetrieb bis zum 29.11.2020 eingestellt wird. Deshalb finden bis dahin auch keine Tanztrainings statt. Der aktuell laufende Kurs wird unterbrochen. Wie es weitergeht, k\u00f6nnen wir leider nich nicht sagen. Wir werden Euch aber auf dem Laufenden halten.<\/p>\n\n\n\n<p>Wir hoffen, dass durch alle Ma\u00dfnahmen die Zahlen wieder nach unten gehen.  Und dass wir im Dezember wieder trainieren k\u00f6nnen. Aber wichtiger ist, dass wir alle die Zeit gesund \u00fcberstehen. Deshalb vermeidet unn\u00f6tige Kontakte und bleibt gesund.<\/p>\n\n\n\n<p><strong>25.10.2020<\/strong><\/p>\n\n\n\n<p>Aktuell k\u00f6nnen wir trotz der wieder nach oben gehenden Zahlen (noch) trainieren. Es gibt aber teilweise wieder ein paar Punkte mehr zu beachten. Diese unterscheiden sich je nach Ort des Trainings. Der Vorstand steht hier in direktem Kontakt mit den einzelnen Trainern. Sollte es zu Ausf\u00e4llen, Verlegungen oder anderen Dingen kommen, informieren wir hier oder direkt per Mail \/ WhatsApp-Gruppen.<\/p>\n\n\n\n<p>Wir bitten um Verst\u00e4ndnis, dass wir zur Zeit nicht sagen k\u00f6nnen, was in den n\u00e4chsten Tagen auf uns zu kommt. Wir m\u00f6chten das Training aber trotz aller Beschr\u00e4nkungen so lange wie m\u00f6glich aufrecht halten.<\/p>\n","protected":false},"excerpt":{"rendered":"<p>Update 05.12.202 Aktuell sieht es so aus, als w\u00fcrde der Teil-Lockdown bis zum 10.01.3021 verl\u00e4ngert. Genauere Informationen haben wir leider noch nicht. Sobald wir sagen k\u00f6nnen, wann das Training wieder starten kann, werden wir es hier und den WhatsApp-Gruppen mitteilen. Trotz allem w\u00fcnschen wir Euch eine besinnliche Adventszeit und bleibt gesund. Update 24.11.2020 Leider wurde [&hellip;]<\/p>\n","protected":false},"author":1,"featured_media":0,"comment_status":"closed","ping_status":"open","sticky":false,"template":"","format":"standard","meta":{"footnotes":""},"categories":[1],"tags":[],"class_list":["post-4386","post","type-post","status-publish","format-standard","hentry","category-allgemein"],"_links":{"self":[{"href":"https:\/\/www.tsvtanzen.de\/index.php?rest_route=\/wp\/v2\/posts\/4386","targetHints":{"allow":["GET"]}}],"collection":[{"href":"https:\/\/www.tsvtanzen.de\/index.php?rest_route=\/wp\/v2\/posts"}],"about":[{"href":"https:\/\/www.tsvtanzen.de\/index.php?rest_route=\/wp\/v2\/types\/post"}],"author":[{"embeddable":true,"href":"https:\/\/www.tsvtanzen.de\/index.php?rest_route=\/wp\/v2\/users\/1"}],"replies":[{"embeddable":true,"href":"https:\/\/www.tsvtanzen.de\/index.php?rest_route=%2Fwp%2Fv2%2Fcomments&post=4386"}],"version-history":[{"count":5,"href":"https:\/\/www.tsvtanzen.de\/index.php?rest_route=\/wp\/v2\/posts\/4386\/revisions"}],"predecessor-version":[{"id":4398,"href":"https:\/\/www.tsvtanzen.de\/index.php?rest_route=\/wp\/v2\/posts\/4386\/revisions\/4398"}],"wp:attachment":[{"href":"https:\/\/www.tsvtanzen.de\/index.php?rest_route=%2Fwp%2Fv2%2Fmedia&parent=4386"}],"wp:term":[{"taxonomy":"category","embeddable":true,"href":"https:\/\/www.tsvtanzen.de\/index.php?rest_route=%2Fwp%2Fv2%2Fcategories&post=4386"},{"taxonomy":"post_tag","embeddable":true,"href":"https:\/\/www.tsvtanzen.de\/index.php?rest_route=%2Fwp%2Fv2%2Ftags&post=4386"}],"curies":[{"name":"wp","href":"https:\/\/api.w.org\/{rel}","templated":true}]}}