{"id":4422,"date":"2021-03-14T20:55:03","date_gmt":"2021-03-14T19:55:03","guid":{"rendered":"https:\/\/mcrichter.macbay.net\/tanzen\/?p=4422"},"modified":"2024-08-01T20:33:30","modified_gmt":"2024-08-01T18:33:30","slug":"aktuelle-lockerungen","status":"publish","type":"post","link":"https:\/\/www.tsvtanzen.de\/?p=4422","title":{"rendered":"Aktuelle Lockerungen"},"content":{"rendered":"\n<p><strong>Update 09.05.2021:<\/strong><\/p>\n\n\n\n<p>Heute fiel der Inzidenzwert erstmals seit langer Zeit unter 100.  Wenn sich dieser Trend fortsetzt, k\u00f6nnen wir wieder eine Aufnahme des Trainingsbetriebes planen. Wir bleiben hier &#8222;am Ball&#8220; und werden alle Mitglieder zeitnah informieren. Bitte habt noch etwas Geduld und bleibt vor allem Gesund.<\/p>\n\n\n\n<p><\/p>\n\n\n\n<p><br><strong>Update 22.03.2021:<\/strong><br>Leider wurden die Beschl\u00fcsse der Landesregierung durch den Vorstand der TSV wieder gekippt. Deshalb findet wahrscheinlich bis Ostern kein Training statt. <\/p>\n\n\n\n<p>Wir m\u00fcssen uns hier an die Vorgaben des Vorstandes halten und bitten dies zu entschuldigen. Sobald wir n\u00e4here Informationen haben, werden wir diese mitteilen.<br><\/p>\n\n\n\n<hr class=\"wp-block-separator\"\/>\n\n\n\n<p>Seit dem 08.03.2021 gibt es ein paar Lockerungen, die auch f\u00fcr den Tanzsport positive Auswirkungen haben. So d\u00fcrfen wir wieder mit zwei Paaren plus Trainer \u00fcben. Die Turnhallen im Weiherhausstadion sind auch wieder mit einem entsprechendem Hygienekonzept ge\u00f6ffnet. Leider nicht die st\u00e4dtischen Hallen, wie das B\u00fcrgerhaus Kronepark. <\/p>\n\n\n\n<p>Anhand dieser Bedingungen haben wir ein Konzept erstellt, wie die Mittwochs- und Sonntagsgruppe wieder trainieren kann.  Details dazu erhalten die Mitglieder per Mail in den n\u00e4chsten Tagen.<\/p>\n\n\n\n<p>Da die Stadt das B\u00fcrgerhaus Kronepark noch nicht  freigibt, sehen wir aktuell keine M\u00f6glichkeit die Discofox-Gruppe wieder zu starten. Auch bei den Kursen m\u00fcssen wir noch um etwas Geduld bitten. Die aktuellen Bedingen erlauben hier keinen Neustart<\/p>\n\n\n\n<p>Wir erhalten aktualisierte Informationen immer zeitnah und versuchen diese m\u00f6glichst schnell umzusetzen. Manchmal stehen wir hier leider vor un\u00fcberwindlichen Hindernissen, wie die \u00d6ffnung der st\u00e4dtischen Hallen. Aber auch hier sind wir bem\u00fcht zeitnah M\u00f6glichkeiten zu schaffen, damit wir schnell wieder trainieren k\u00f6nnen. Aber wir m\u00fcssen nat\u00fcrlich die Rahmenbedingungen einhalten.<\/p>\n\n\n\n<p>Wir bitten hier um Euer Verst\u00e4ndnis. Wichtig ist auf alle F\u00e4lle, dass alle gesund bleiben und wir uns bald wiedersehen k\u00f6nnen.<\/p>\n\n\n\n<p><\/p>\n","protected":false},"excerpt":{"rendered":"<p>Update 09.05.2021: Heute fiel der Inzidenzwert erstmals seit langer Zeit unter 100. Wenn sich dieser Trend fortsetzt, k\u00f6nnen wir wieder eine Aufnahme des Trainingsbetriebes planen. Wir bleiben hier &#8222;am Ball&#8220; und werden alle Mitglieder zeitnah informieren. Bitte habt noch etwas Geduld und bleibt vor allem Gesund. Update 22.03.2021:Leider wurden die Beschl\u00fcsse der Landesregierung durch den [&hellip;]<\/p>\n","protected":false},"author":1,"featured_media":0,"comment_status":"closed","ping_status":"open","sticky":false,"template":"","format":"standard","meta":{"footnotes":""},"categories":[1],"tags":[],"class_list":["post-4422","post","type-post","status-publish","format-standard","hentry","category-allgemein"],"_links":{"self":[{"href":"https:\/\/www.tsvtanzen.de\/index.php?rest_route=\/wp\/v2\/posts\/4422","targetHints":{"allow":["GET"]}}],"collection":[{"href":"https:\/\/www.tsvtanzen.de\/index.php?rest_route=\/wp\/v2\/posts"}],"about":[{"href":"https:\/\/www.tsvtanzen.de\/index.php?rest_route=\/wp\/v2\/types\/post"}],"author":[{"embeddable":true,"href":"https:\/\/www.tsvtanzen.de\/index.php?rest_route=\/wp\/v2\/users\/1"}],"replies":[{"embeddable":true,"href":"https:\/\/www.tsvtanzen.de\/index.php?rest_route=%2Fwp%2Fv2%2Fcomments&post=4422"}],"version-history":[{"count":6,"href":"https:\/\/www.tsvtanzen.de\/index.php?rest_route=\/wp\/v2\/posts\/4422\/revisions"}],"predecessor-version":[{"id":5248,"href":"https:\/\/www.tsvtanzen.de\/index.php?rest_route=\/wp\/v2\/posts\/4422\/revisions\/5248"}],"wp:attachment":[{"href":"https:\/\/www.tsvtanzen.de\/index.php?rest_route=%2Fwp%2Fv2%2Fmedia&parent=4422"}],"wp:term":[{"taxonomy":"category","embeddable":true,"href":"https:\/\/www.tsvtanzen.de\/index.php?rest_route=%2Fwp%2Fv2%2Fcategories&post=4422"},{"taxonomy":"post_tag","embeddable":true,"href":"https:\/\/www.tsvtanzen.de\/index.php?rest_route=%2Fwp%2Fv2%2Ftags&post=4422"}],"curies":[{"name":"wp","href":"https:\/\/api.w.org\/{rel}","templated":true}]}}