{"id":4715,"date":"2022-12-12T12:31:22","date_gmt":"2022-12-12T11:31:22","guid":{"rendered":"https:\/\/mcrichter.macbay.net\/tanzen\/?p=4715"},"modified":"2024-08-01T20:31:17","modified_gmt":"2024-08-01T18:31:17","slug":"kalender-2","status":"publish","type":"post","link":"https:\/\/www.tsvtanzen.de\/?p=4715","title":{"rendered":"Kalender"},"content":{"rendered":"\n<p>In der Vergangenheit gab es leider hin und wieder Diskussionen, ob an einem Tag ein Training stattfindet oder nicht. <\/p>\n\n\n\n<p>Um dies zuk\u00fcnftig zu vermeiden, gibt es hier einen <a href=\"https:\/\/tsvtanzen.de\/?page_id=4200\">Kalender<\/a> in dem alle Termine eingetragen sind. Aktuell sind dies die Termine bis Ende 2023. Nicht ber\u00fccksichtigt sind dabei die Urlaube unserer Trainerinnen. Diese werden nach Bekanntgabe dort eingetragen (bzw. der Termin gel\u00f6scht) und es wird hier im Blog auch einen Eintrag geben. Soweit es m\u00f6glich ist, werde ich dort auch kurzfristige Ausf\u00e4lle eintragen.<\/p>\n","protected":false},"excerpt":{"rendered":"<p>In der Vergangenheit gab es leider hin und wieder Diskussionen, ob an einem Tag ein Training stattfindet oder nicht. Um dies zuk\u00fcnftig zu vermeiden, gibt es hier einen Kalender in dem alle Termine eingetragen sind. Aktuell sind dies die Termine bis Ende 2023. Nicht ber\u00fccksichtigt sind dabei die Urlaube unserer Trainerinnen. Diese werden nach Bekanntgabe [&hellip;]<\/p>\n","protected":false},"author":1,"featured_media":0,"comment_status":"closed","ping_status":"open","sticky":false,"template":"","format":"standard","meta":{"footnotes":""},"categories":[1],"tags":[],"class_list":["post-4715","post","type-post","status-publish","format-standard","hentry","category-allgemein"],"_links":{"self":[{"href":"https:\/\/www.tsvtanzen.de\/index.php?rest_route=\/wp\/v2\/posts\/4715","targetHints":{"allow":["GET"]}}],"collection":[{"href":"https:\/\/www.tsvtanzen.de\/index.php?rest_route=\/wp\/v2\/posts"}],"about":[{"href":"https:\/\/www.tsvtanzen.de\/index.php?rest_route=\/wp\/v2\/types\/post"}],"author":[{"embeddable":true,"href":"https:\/\/www.tsvtanzen.de\/index.php?rest_route=\/wp\/v2\/users\/1"}],"replies":[{"embeddable":true,"href":"https:\/\/www.tsvtanzen.de\/index.php?rest_route=%2Fwp%2Fv2%2Fcomments&post=4715"}],"version-history":[{"count":2,"href":"https:\/\/www.tsvtanzen.de\/index.php?rest_route=\/wp\/v2\/posts\/4715\/revisions"}],"predecessor-version":[{"id":5244,"href":"https:\/\/www.tsvtanzen.de\/index.php?rest_route=\/wp\/v2\/posts\/4715\/revisions\/5244"}],"wp:attachment":[{"href":"https:\/\/www.tsvtanzen.de\/index.php?rest_route=%2Fwp%2Fv2%2Fmedia&parent=4715"}],"wp:term":[{"taxonomy":"category","embeddable":true,"href":"https:\/\/www.tsvtanzen.de\/index.php?rest_route=%2Fwp%2Fv2%2Fcategories&post=4715"},{"taxonomy":"post_tag","embeddable":true,"href":"https:\/\/www.tsvtanzen.de\/index.php?rest_route=%2Fwp%2Fv2%2Ftags&post=4715"}],"curies":[{"name":"wp","href":"https:\/\/api.w.org\/{rel}","templated":true}]}}