{"id":489,"date":"2016-07-17T19:18:48","date_gmt":"2016-07-17T19:18:48","guid":{"rendered":"http:\/\/mcrichter.de\/tanzen\/?p=489"},"modified":"2016-07-17T19:18:48","modified_gmt":"2016-07-17T19:18:48","slug":"gemuetliches-beisammensein-nachlese","status":"publish","type":"post","link":"https:\/\/www.tsvtanzen.de\/?p=489","title":{"rendered":"Gem\u00fctliches Beisammensein &#8211; Nachlese"},"content":{"rendered":"<p>Wie geplant haben wir uns am 15.07.2016 in der Dorfm\u00fchle f\u00fcr ein gem\u00fctliches Beisammensein getroffen. Besonders sch\u00f6n fanden wir es, dass auch einige Paare kamen, die aktuell nicht zum Training kommen k\u00f6nnen.<\/p>\n<p>Aber lasst keine gro\u00dfen Worte machen, sondern schaut euch die Bilder an. Die sagen mehr als tausend Worte.<\/p>\n<p><img loading=\"lazy\" decoding=\"async\" class=\"aligncenter size-full wp-image-498\" src=\"http:\/\/mcrichter.de\/tanzen\/wp-content\/uploads\/IMG_2746-1.jpg\" alt=\"IMG_2746\" width=\"800\" height=\"600\" srcset=\"https:\/\/www.tsvtanzen.de\/wp-content\/uploads\/IMG_2746-1.jpg 800w, https:\/\/www.tsvtanzen.de\/wp-content\/uploads\/IMG_2746-1-300x225.jpg 300w, https:\/\/www.tsvtanzen.de\/wp-content\/uploads\/IMG_2746-1-768x576.jpg 768w\" sizes=\"auto, (max-width: 800px) 100vw, 800px\" \/> <img loading=\"lazy\" decoding=\"async\" class=\"aligncenter size-full wp-image-497\" src=\"http:\/\/mcrichter.de\/tanzen\/wp-content\/uploads\/IMG_2745-1.jpg\" alt=\"IMG_2745\" width=\"800\" height=\"600\" srcset=\"https:\/\/www.tsvtanzen.de\/wp-content\/uploads\/IMG_2745-1.jpg 800w, https:\/\/www.tsvtanzen.de\/wp-content\/uploads\/IMG_2745-1-300x225.jpg 300w, https:\/\/www.tsvtanzen.de\/wp-content\/uploads\/IMG_2745-1-768x576.jpg 768w\" sizes=\"auto, (max-width: 800px) 100vw, 800px\" \/> <img loading=\"lazy\" decoding=\"async\" class=\"aligncenter size-full wp-image-496\" src=\"http:\/\/mcrichter.de\/tanzen\/wp-content\/uploads\/IMG_2744-1.jpg\" alt=\"IMG_2744\" width=\"800\" height=\"600\" srcset=\"https:\/\/www.tsvtanzen.de\/wp-content\/uploads\/IMG_2744-1.jpg 800w, https:\/\/www.tsvtanzen.de\/wp-content\/uploads\/IMG_2744-1-300x225.jpg 300w, https:\/\/www.tsvtanzen.de\/wp-content\/uploads\/IMG_2744-1-768x576.jpg 768w\" sizes=\"auto, (max-width: 800px) 100vw, 800px\" \/> <img loading=\"lazy\" decoding=\"async\" class=\"aligncenter size-full wp-image-495\" src=\"http:\/\/mcrichter.de\/tanzen\/wp-content\/uploads\/IMG_2743-1.jpg\" alt=\"IMG_2743\" width=\"800\" height=\"600\" srcset=\"https:\/\/www.tsvtanzen.de\/wp-content\/uploads\/IMG_2743-1.jpg 800w, https:\/\/www.tsvtanzen.de\/wp-content\/uploads\/IMG_2743-1-300x225.jpg 300w, https:\/\/www.tsvtanzen.de\/wp-content\/uploads\/IMG_2743-1-768x576.jpg 768w\" sizes=\"auto, (max-width: 800px) 100vw, 800px\" \/><\/p>\n","protected":false},"excerpt":{"rendered":"<p>Wie geplant haben wir uns am 15.07.2016 in der Dorfm\u00fchle f\u00fcr ein gem\u00fctliches Beisammensein getroffen. Besonders sch\u00f6n fanden wir es, dass auch einige Paare kamen, die aktuell nicht zum Training kommen k\u00f6nnen. Aber lasst keine gro\u00dfen Worte machen, sondern schaut euch die Bilder an. Die sagen mehr als tausend Worte.<\/p>\n","protected":false},"author":1,"featured_media":0,"comment_status":"open","ping_status":"open","sticky":false,"template":"","format":"standard","meta":{"footnotes":""},"categories":[1],"tags":[],"class_list":["post-489","post","type-post","status-publish","format-standard","hentry","category-allgemein"],"_links":{"self":[{"href":"https:\/\/www.tsvtanzen.de\/index.php?rest_route=\/wp\/v2\/posts\/489","targetHints":{"allow":["GET"]}}],"collection":[{"href":"https:\/\/www.tsvtanzen.de\/index.php?rest_route=\/wp\/v2\/posts"}],"about":[{"href":"https:\/\/www.tsvtanzen.de\/index.php?rest_route=\/wp\/v2\/types\/post"}],"author":[{"embeddable":true,"href":"https:\/\/www.tsvtanzen.de\/index.php?rest_route=\/wp\/v2\/users\/1"}],"replies":[{"embeddable":true,"href":"https:\/\/www.tsvtanzen.de\/index.php?rest_route=%2Fwp%2Fv2%2Fcomments&post=489"}],"version-history":[{"count":2,"href":"https:\/\/www.tsvtanzen.de\/index.php?rest_route=\/wp\/v2\/posts\/489\/revisions"}],"predecessor-version":[{"id":499,"href":"https:\/\/www.tsvtanzen.de\/index.php?rest_route=\/wp\/v2\/posts\/489\/revisions\/499"}],"wp:attachment":[{"href":"https:\/\/www.tsvtanzen.de\/index.php?rest_route=%2Fwp%2Fv2%2Fmedia&parent=489"}],"wp:term":[{"taxonomy":"category","embeddable":true,"href":"https:\/\/www.tsvtanzen.de\/index.php?rest_route=%2Fwp%2Fv2%2Fcategories&post=489"},{"taxonomy":"post_tag","embeddable":true,"href":"https:\/\/www.tsvtanzen.de\/index.php?rest_route=%2Fwp%2Fv2%2Ftags&post=489"}],"curies":[{"name":"wp","href":"https:\/\/api.w.org\/{rel}","templated":true}]}}