{"id":4959,"date":"2023-11-26T17:04:57","date_gmt":"2023-11-26T16:04:57","guid":{"rendered":"https:\/\/mcrichter.macbay.net\/tanzen\/?p=4959"},"modified":"2024-08-01T20:26:04","modified_gmt":"2024-08-01T18:26:04","slug":"das-jahr-geht-zu-ende","status":"publish","type":"post","link":"https:\/\/www.tsvtanzen.de\/?p=4959","title":{"rendered":"Das Jahr geht zu Ende"},"content":{"rendered":"\n<p>Auch in diesem Jahr hat sich der Vorstand der Abteilung Gedanken \u00fcber einen sch\u00f6nen Jahresabschlu\u00df gemacht. In diesem Jahr stand eine Kost\u00fcm-Stadtf\u00fchrung in Zwingenberg auf dem Plan. Nach Einbruch der Dunkelheit ging es durch die alten Stra\u00dfen und Gassen der Stadt und zahlreiche Geschichten rund um die Bergstra\u00dfe lie\u00dfen den Rundgang zu einer kurzweiligen Sache werden. Auch der kurzzeitig einsetzende Regen konnten unsere Stimmung nicht tr\u00fcben. Im Anschlu\u00df kehrten wir im &#8222;Bunten L\u00f6wen&#8220; ein und lie\u00dfen den Abend bei gutem Speis und Trank gem\u00fctlich ausklingen.<\/p>\n\n\n\n<figure class=\"wp-block-image aligncenter size-large\"><img decoding=\"async\" src=\"https:\/\/tsvtanzen.de\/wp-content\/uploads\/2023Zwingenberg1-scaled.jpg\" alt=\"\"\/><\/figure>\n","protected":false},"excerpt":{"rendered":"<p>Auch in diesem Jahr hat sich der Vorstand der Abteilung Gedanken \u00fcber einen sch\u00f6nen Jahresabschlu\u00df gemacht. In diesem Jahr stand eine Kost\u00fcm-Stadtf\u00fchrung in Zwingenberg auf dem Plan. Nach Einbruch der Dunkelheit ging es durch die alten Stra\u00dfen und Gassen der Stadt und zahlreiche Geschichten rund um die Bergstra\u00dfe lie\u00dfen den Rundgang zu einer kurzweiligen Sache [&hellip;]<\/p>\n","protected":false},"author":2,"featured_media":0,"comment_status":"closed","ping_status":"open","sticky":false,"template":"","format":"standard","meta":{"footnotes":""},"categories":[1],"tags":[],"class_list":["post-4959","post","type-post","status-publish","format-standard","hentry","category-allgemein"],"_links":{"self":[{"href":"https:\/\/www.tsvtanzen.de\/index.php?rest_route=\/wp\/v2\/posts\/4959","targetHints":{"allow":["GET"]}}],"collection":[{"href":"https:\/\/www.tsvtanzen.de\/index.php?rest_route=\/wp\/v2\/posts"}],"about":[{"href":"https:\/\/www.tsvtanzen.de\/index.php?rest_route=\/wp\/v2\/types\/post"}],"author":[{"embeddable":true,"href":"https:\/\/www.tsvtanzen.de\/index.php?rest_route=\/wp\/v2\/users\/2"}],"replies":[{"embeddable":true,"href":"https:\/\/www.tsvtanzen.de\/index.php?rest_route=%2Fwp%2Fv2%2Fcomments&post=4959"}],"version-history":[{"count":3,"href":"https:\/\/www.tsvtanzen.de\/index.php?rest_route=\/wp\/v2\/posts\/4959\/revisions"}],"predecessor-version":[{"id":5241,"href":"https:\/\/www.tsvtanzen.de\/index.php?rest_route=\/wp\/v2\/posts\/4959\/revisions\/5241"}],"wp:attachment":[{"href":"https:\/\/www.tsvtanzen.de\/index.php?rest_route=%2Fwp%2Fv2%2Fmedia&parent=4959"}],"wp:term":[{"taxonomy":"category","embeddable":true,"href":"https:\/\/www.tsvtanzen.de\/index.php?rest_route=%2Fwp%2Fv2%2Fcategories&post=4959"},{"taxonomy":"post_tag","embeddable":true,"href":"https:\/\/www.tsvtanzen.de\/index.php?rest_route=%2Fwp%2Fv2%2Ftags&post=4959"}],"curies":[{"name":"wp","href":"https:\/\/api.w.org\/{rel}","templated":true}]}}