{"id":5454,"date":"2025-05-28T13:30:44","date_gmt":"2025-05-28T11:30:44","guid":{"rendered":"https:\/\/www.tsvtanzen.de\/?p=5454"},"modified":"2025-05-28T13:34:50","modified_gmt":"2025-05-28T11:34:50","slug":"freies-training","status":"publish","type":"post","link":"https:\/\/www.tsvtanzen.de\/?p=5454","title":{"rendered":"Freies Training"},"content":{"rendered":"\n<p>Momentan weilt unsere Trainerin Annika in ihrem wohlverdienten Urlaub.<\/p>\n\n\n\n<p>Da unser Auftritt auf dem <strong><a href=\"https:\/\/www.bachgassenfest.de\" target=\"_blank\" rel=\"noreferrer noopener\">Bachgassenfest am 11.07.2025<\/a><\/strong> vor der T\u00fcr steht, hat sich unsere Gruppe daf\u00fcr ausgesprochen, die Zeit mit freiem Training zu nutzen.<\/p>\n\n\n\n<p>Basierend auf den Vorschl\u00e4gen von Annika haben Silke, Sigrid und Natalia ein Trainingsprogramm vorbereitet und &#8211; was soll man sagen &#8211; es hat&nbsp;wunderbar&nbsp; funktioniert.<\/p>\n\n\n\n<p>Anbei ein paar optische Eindr\u00fccke vom Abend.<\/p>\n\n\n\n<figure class=\"wp-block-image size-large\"><img loading=\"lazy\" decoding=\"async\" width=\"1024\" height=\"331\" src=\"https:\/\/www.tsvtanzen.de\/wp-content\/uploads\/PHOTO-2025-05-27-15-38-20-1024x331.jpg\" alt=\"Freies Training\" class=\"wp-image-5457\" srcset=\"https:\/\/www.tsvtanzen.de\/wp-content\/uploads\/PHOTO-2025-05-27-15-38-20-1024x331.jpg 1024w, https:\/\/www.tsvtanzen.de\/wp-content\/uploads\/PHOTO-2025-05-27-15-38-20-300x97.jpg 300w, https:\/\/www.tsvtanzen.de\/wp-content\/uploads\/PHOTO-2025-05-27-15-38-20-768x248.jpg 768w, https:\/\/www.tsvtanzen.de\/wp-content\/uploads\/PHOTO-2025-05-27-15-38-20-1536x496.jpg 1536w, https:\/\/www.tsvtanzen.de\/wp-content\/uploads\/PHOTO-2025-05-27-15-38-20.jpg 1600w\" sizes=\"auto, (max-width: 1024px) 100vw, 1024px\" \/><\/figure>\n\n\n\n<p>Die Gruppe trifft sich wieder zum n\u00e4chsten freien Training am Montag, den 02.06.25<\/p>\n\n\n\n<p><\/p>\n","protected":false},"excerpt":{"rendered":"<p>Momentan weilt unsere Trainerin Annika in ihrem wohlverdienten Urlaub. Da unser Auftritt auf dem Bachgassenfest am 11.07.2025 vor der T\u00fcr steht, hat sich unsere Gruppe daf\u00fcr ausgesprochen, die Zeit mit freiem Training zu nutzen. Basierend auf den Vorschl\u00e4gen von Annika haben Silke, Sigrid und Natalia ein Trainingsprogramm vorbereitet und &#8211; was soll man sagen &#8211; [&hellip;]<\/p>\n","protected":false},"author":1,"featured_media":0,"comment_status":"closed","ping_status":"open","sticky":false,"template":"","format":"standard","meta":{"footnotes":""},"categories":[1],"tags":[],"class_list":["post-5454","post","type-post","status-publish","format-standard","hentry","category-allgemein"],"_links":{"self":[{"href":"https:\/\/www.tsvtanzen.de\/index.php?rest_route=\/wp\/v2\/posts\/5454","targetHints":{"allow":["GET"]}}],"collection":[{"href":"https:\/\/www.tsvtanzen.de\/index.php?rest_route=\/wp\/v2\/posts"}],"about":[{"href":"https:\/\/www.tsvtanzen.de\/index.php?rest_route=\/wp\/v2\/types\/post"}],"author":[{"embeddable":true,"href":"https:\/\/www.tsvtanzen.de\/index.php?rest_route=\/wp\/v2\/users\/1"}],"replies":[{"embeddable":true,"href":"https:\/\/www.tsvtanzen.de\/index.php?rest_route=%2Fwp%2Fv2%2Fcomments&post=5454"}],"version-history":[{"count":4,"href":"https:\/\/www.tsvtanzen.de\/index.php?rest_route=\/wp\/v2\/posts\/5454\/revisions"}],"predecessor-version":[{"id":5460,"href":"https:\/\/www.tsvtanzen.de\/index.php?rest_route=\/wp\/v2\/posts\/5454\/revisions\/5460"}],"wp:attachment":[{"href":"https:\/\/www.tsvtanzen.de\/index.php?rest_route=%2Fwp%2Fv2%2Fmedia&parent=5454"}],"wp:term":[{"taxonomy":"category","embeddable":true,"href":"https:\/\/www.tsvtanzen.de\/index.php?rest_route=%2Fwp%2Fv2%2Fcategories&post=5454"},{"taxonomy":"post_tag","embeddable":true,"href":"https:\/\/www.tsvtanzen.de\/index.php?rest_route=%2Fwp%2Fv2%2Ftags&post=5454"}],"curies":[{"name":"wp","href":"https:\/\/api.w.org\/{rel}","templated":true}]}}