{"id":5646,"date":"2026-04-02T15:30:08","date_gmt":"2026-04-02T13:30:08","guid":{"rendered":"https:\/\/www.tsvtanzen.de\/?p=5646"},"modified":"2026-04-02T15:30:08","modified_gmt":"2026-04-02T13:30:08","slug":"tanzabend-am-19-04-2026","status":"publish","type":"post","link":"https:\/\/www.tsvtanzen.de\/?p=5646","title":{"rendered":"Tanzabend am 19.04.2026"},"content":{"rendered":"\n<p>Am Sonntag, dem <strong>19. April 2026, ab 18:30 Uhr<\/strong>, laden wir euch herzlich zu unserem Tanzabend ein.\u00a0 Egal, ob ihr Teil unserer Abteilung oder des Vereins seid oder einfach nur als Gast vorbeischauen m\u00f6chtet \u2013 wir freuen uns auf euch!\u00a0 Lasst uns gemeinsam Spa\u00df am Tanzen haben und einen unvergesslichen Abend verbringen. Der Eintritt ist nat\u00fcrlich kostenlos. Wir freuen uns darauf, euch zu sehen!<\/p>\n\n\n\n<p>Unser Musikprogramm bietet f\u00fcr jeden Tanzbegeisterten etwas, von langsamen Walzern \u00fcber Rumba und Discofox bis hin zu Linedance.<\/p>\n\n\n\n<p>Halle A der TSV wird an diesem Abend in einen gem\u00fctlichen Tanzsaal verwandelt. F\u00fcr das leibliche Wohl sorgt die Gastst\u00e4tte mit Getr\u00e4nken und Speisen.<\/p>\n\n\n\n<p>Um allen Mitgliedern der beiden <strong>Sonntagsgruppen<\/strong> eine Teilnahme zu erm\u00f6glichen, werden diese <strong>zusammengelegt<\/strong>. Das gemeinsame Training findet von 17:30 bis 18:30 Uhr statt.<\/p>\n\n\n\n<p>Die Veranstaltung findet in Halle A an der Saarstra\u00dfe 56 in 64625 Bensheim statt. Der Zugang erfolgt \u00fcber die Gastst\u00e4tte.<\/p>\n\n\n\n<figure class=\"wp-block-image\"><a href=\"http:\/\/mcrichter.de\/tanzen\/wp-content\/uploads\/Lageplan-TSV-Geb\u00e4ude.png\"><img loading=\"lazy\" decoding=\"async\" width=\"1024\" height=\"835\" src=\"http:\/\/mcrichter.de\/tanzen\/wp-content\/uploads\/Lageplan-TSV-Geb\u00e4ude-1024x835.png\" alt=\"\" class=\"wp-image-962\" srcset=\"https:\/\/www.tsvtanzen.de\/wp-content\/uploads\/Lageplan-TSV-Geb\u00e4ude-1024x835.png 1024w, https:\/\/www.tsvtanzen.de\/wp-content\/uploads\/Lageplan-TSV-Geb\u00e4ude-300x245.png 300w, https:\/\/www.tsvtanzen.de\/wp-content\/uploads\/Lageplan-TSV-Geb\u00e4ude-768x626.png 768w, https:\/\/www.tsvtanzen.de\/wp-content\/uploads\/Lageplan-TSV-Geb\u00e4ude.png 1114w\" sizes=\"auto, (max-width: 1024px) 100vw, 1024px\" \/><\/a><\/figure>\n","protected":false},"excerpt":{"rendered":"<p>Am Sonntag, dem 19. April 2026, ab 18:30 Uhr, laden wir euch herzlich zu unserem Tanzabend ein.\u00a0 Egal, ob ihr Teil unserer Abteilung oder des Vereins seid oder einfach nur als Gast vorbeischauen m\u00f6chtet \u2013 wir freuen uns auf euch!\u00a0 Lasst uns gemeinsam Spa\u00df am Tanzen haben und einen unvergesslichen Abend verbringen. Der Eintritt ist [&hellip;]<\/p>\n","protected":false},"author":1,"featured_media":0,"comment_status":"closed","ping_status":"open","sticky":false,"template":"","format":"standard","meta":{"footnotes":""},"categories":[1],"tags":[],"class_list":["post-5646","post","type-post","status-publish","format-standard","hentry","category-allgemein"],"_links":{"self":[{"href":"https:\/\/www.tsvtanzen.de\/index.php?rest_route=\/wp\/v2\/posts\/5646","targetHints":{"allow":["GET"]}}],"collection":[{"href":"https:\/\/www.tsvtanzen.de\/index.php?rest_route=\/wp\/v2\/posts"}],"about":[{"href":"https:\/\/www.tsvtanzen.de\/index.php?rest_route=\/wp\/v2\/types\/post"}],"author":[{"embeddable":true,"href":"https:\/\/www.tsvtanzen.de\/index.php?rest_route=\/wp\/v2\/users\/1"}],"replies":[{"embeddable":true,"href":"https:\/\/www.tsvtanzen.de\/index.php?rest_route=%2Fwp%2Fv2%2Fcomments&post=5646"}],"version-history":[{"count":2,"href":"https:\/\/www.tsvtanzen.de\/index.php?rest_route=\/wp\/v2\/posts\/5646\/revisions"}],"predecessor-version":[{"id":5648,"href":"https:\/\/www.tsvtanzen.de\/index.php?rest_route=\/wp\/v2\/posts\/5646\/revisions\/5648"}],"wp:attachment":[{"href":"https:\/\/www.tsvtanzen.de\/index.php?rest_route=%2Fwp%2Fv2%2Fmedia&parent=5646"}],"wp:term":[{"taxonomy":"category","embeddable":true,"href":"https:\/\/www.tsvtanzen.de\/index.php?rest_route=%2Fwp%2Fv2%2Fcategories&post=5646"},{"taxonomy":"post_tag","embeddable":true,"href":"https:\/\/www.tsvtanzen.de\/index.php?rest_route=%2Fwp%2Fv2%2Ftags&post=5646"}],"curies":[{"name":"wp","href":"https:\/\/api.w.org\/{rel}","templated":true}]}}