{"id":638,"date":"2017-04-22T18:42:41","date_gmt":"2017-04-22T18:42:41","guid":{"rendered":"http:\/\/mcrichter.de\/tanzen\/?p=638"},"modified":"2024-08-01T16:28:15","modified_gmt":"2024-08-01T14:28:15","slug":"neue-halle-2","status":"publish","type":"post","link":"https:\/\/www.tsvtanzen.de\/?p=638","title":{"rendered":"Neue Halle"},"content":{"rendered":"<p>Wie man aus der Presse und anderen\u00a0Medien entnehmen konnte steht die Fertigstellung unserer neuen Halle kurz bevor. Die Tanzabteilung wird mit der Fertigstellung ihr Training zuk\u00fcnftig in dieser Halle absolvieren. Damit entf\u00e4llt der doch oftmals st\u00f6rende Wechsel in ein Ausweichquartier. Ein genauer Termin, wann wir in die neue Halle wechseln k\u00f6nnen, steht leider nich nicht fest. Wir werden hier eine Information dazu bereitstellen.<\/p>\n<p>Am 07.05.2015 wird die Halle festlich eingeweiht. Dazu gibt es ein Rahmenprogramm,\u00a0bei dem auch die Tanzabteilung einen kleinen Auftritt hat. In beiden Breitensportgruppen wird daf\u00fcr seit mehreren Wochen flei\u00dfig ge\u00fcbt. Wir w\u00fcrden uns freuen wenn dazu viele Zuschauer k\u00e4men.<\/p>\n","protected":false},"excerpt":{"rendered":"<p>Wie man aus der Presse und anderen\u00a0Medien entnehmen konnte steht die Fertigstellung unserer neuen Halle kurz bevor. Die Tanzabteilung wird mit der Fertigstellung ihr Training zuk\u00fcnftig in dieser Halle absolvieren. Damit entf\u00e4llt der doch oftmals st\u00f6rende Wechsel in ein Ausweichquartier. Ein genauer Termin, wann wir in die neue Halle wechseln k\u00f6nnen, steht leider nich nicht [&hellip;]<\/p>\n","protected":false},"author":1,"featured_media":0,"comment_status":"open","ping_status":"open","sticky":false,"template":"","format":"standard","meta":{"footnotes":""},"categories":[1],"tags":[],"class_list":["post-638","post","type-post","status-publish","format-standard","hentry","category-allgemein"],"_links":{"self":[{"href":"https:\/\/www.tsvtanzen.de\/index.php?rest_route=\/wp\/v2\/posts\/638","targetHints":{"allow":["GET"]}}],"collection":[{"href":"https:\/\/www.tsvtanzen.de\/index.php?rest_route=\/wp\/v2\/posts"}],"about":[{"href":"https:\/\/www.tsvtanzen.de\/index.php?rest_route=\/wp\/v2\/types\/post"}],"author":[{"embeddable":true,"href":"https:\/\/www.tsvtanzen.de\/index.php?rest_route=\/wp\/v2\/users\/1"}],"replies":[{"embeddable":true,"href":"https:\/\/www.tsvtanzen.de\/index.php?rest_route=%2Fwp%2Fv2%2Fcomments&post=638"}],"version-history":[{"count":2,"href":"https:\/\/www.tsvtanzen.de\/index.php?rest_route=\/wp\/v2\/posts\/638\/revisions"}],"predecessor-version":[{"id":5231,"href":"https:\/\/www.tsvtanzen.de\/index.php?rest_route=\/wp\/v2\/posts\/638\/revisions\/5231"}],"wp:attachment":[{"href":"https:\/\/www.tsvtanzen.de\/index.php?rest_route=%2Fwp%2Fv2%2Fmedia&parent=638"}],"wp:term":[{"taxonomy":"category","embeddable":true,"href":"https:\/\/www.tsvtanzen.de\/index.php?rest_route=%2Fwp%2Fv2%2Fcategories&post=638"},{"taxonomy":"post_tag","embeddable":true,"href":"https:\/\/www.tsvtanzen.de\/index.php?rest_route=%2Fwp%2Fv2%2Ftags&post=638"}],"curies":[{"name":"wp","href":"https:\/\/api.w.org\/{rel}","templated":true}]}}