{"id":844,"date":"2017-11-03T14:01:58","date_gmt":"2017-11-03T13:01:58","guid":{"rendered":"http:\/\/mcrichter.de\/tanzen\/?p=844"},"modified":"2018-06-18T22:30:45","modified_gmt":"2018-06-18T20:30:45","slug":"wir-koennen-nicht-nur-tanzen","status":"publish","type":"post","link":"https:\/\/www.tsvtanzen.de\/?p=844","title":{"rendered":"Wir k\u00f6nnen nicht nur Tanzen"},"content":{"rendered":"<p>Unter diesem Motto trafen sich die Tanzpaare mal zu einem ganz anderen sportlichen Ereignis. Am 28.10. trafen wir uns in Rodau zum Kegeln und hatten viel Spa\u00df dabei. Beim Seifenkistenrennen und im Kuhstall gab es viele spannende Duelle zwischen den beiden gebildeten Teams. Zum Schlu\u00df kam das &#8222;Abr\u00e4umen&#8220;. Nach 2 lustigen und kurzweiligen Stunden wurden in der angegliederten Gastst\u00e4tte der Abend gem\u00fctlich ausklingen lassen.<\/p>\n<figure id=\"attachment_852\" aria-describedby=\"caption-attachment-852\" style=\"width: 298px\" class=\"wp-caption aligncenter\"><img loading=\"lazy\" decoding=\"async\" class=\"wp-image-852\" src=\"http:\/\/mcrichter.de\/tanzen\/wp-content\/uploads\/IMG_5705-1-300x225.jpg\" alt=\"\" width=\"298\" height=\"223\" srcset=\"https:\/\/www.tsvtanzen.de\/wp-content\/uploads\/IMG_5705-1-300x225.jpg 300w, https:\/\/www.tsvtanzen.de\/wp-content\/uploads\/IMG_5705-1-768x576.jpg 768w, https:\/\/www.tsvtanzen.de\/wp-content\/uploads\/IMG_5705-1-1024x768.jpg 1024w\" sizes=\"auto, (max-width: 298px) 100vw, 298px\" \/><figcaption id=\"caption-attachment-852\" class=\"wp-caption-text\">Team 1 mit Heinz, Moni, Reni, Claudia, Manfred und Chantal<\/figcaption><\/figure>\n<figure id=\"attachment_851\" aria-describedby=\"caption-attachment-851\" style=\"width: 300px\" class=\"wp-caption aligncenter\"><img loading=\"lazy\" decoding=\"async\" class=\"wp-image-851 size-medium\" src=\"http:\/\/mcrichter.de\/tanzen\/wp-content\/uploads\/IMG_5703-1-300x225.jpg\" alt=\"\" width=\"300\" height=\"225\" srcset=\"https:\/\/www.tsvtanzen.de\/wp-content\/uploads\/IMG_5703-1-300x225.jpg 300w, https:\/\/www.tsvtanzen.de\/wp-content\/uploads\/IMG_5703-1-768x576.jpg 768w, https:\/\/www.tsvtanzen.de\/wp-content\/uploads\/IMG_5703-1-1024x768.jpg 1024w\" sizes=\"auto, (max-width: 300px) 100vw, 300px\" \/><figcaption id=\"caption-attachment-851\" class=\"wp-caption-text\">Team 2 mit Saskia, Thomas, Angelika, Udo, Jutta, Karin und Michael<\/figcaption><\/figure>\n<p>.\u00a0<img loading=\"lazy\" decoding=\"async\" class=\"size-medium wp-image-850 aligncenter\" src=\"http:\/\/mcrichter.de\/tanzen\/wp-content\/uploads\/IMG_5693-1-225x300.jpg\" alt=\"\" width=\"225\" height=\"300\" srcset=\"https:\/\/www.tsvtanzen.de\/wp-content\/uploads\/IMG_5693-1-225x300.jpg 225w, https:\/\/www.tsvtanzen.de\/wp-content\/uploads\/IMG_5693-1-768x1024.jpg 768w\" sizes=\"auto, (max-width: 225px) 100vw, 225px\" \/><img loading=\"lazy\" decoding=\"async\" class=\"size-medium wp-image-849 aligncenter\" src=\"http:\/\/mcrichter.de\/tanzen\/wp-content\/uploads\/IMG_5689-1-225x300.jpg\" alt=\"\" width=\"225\" height=\"300\" srcset=\"https:\/\/www.tsvtanzen.de\/wp-content\/uploads\/IMG_5689-1-225x300.jpg 225w, https:\/\/www.tsvtanzen.de\/wp-content\/uploads\/IMG_5689-1-768x1024.jpg 768w\" sizes=\"auto, (max-width: 225px) 100vw, 225px\" \/><\/p>\n","protected":false},"excerpt":{"rendered":"<p>Unter diesem Motto trafen sich die Tanzpaare mal zu einem ganz anderen sportlichen Ereignis. Am 28.10. trafen wir uns in Rodau zum Kegeln und hatten viel Spa\u00df dabei. Beim Seifenkistenrennen und im Kuhstall gab es viele spannende Duelle zwischen den beiden gebildeten Teams. Zum Schlu\u00df kam das &#8222;Abr\u00e4umen&#8220;. Nach 2 lustigen und kurzweiligen Stunden wurden [&hellip;]<\/p>\n","protected":false},"author":2,"featured_media":0,"comment_status":"closed","ping_status":"open","sticky":false,"template":"","format":"standard","meta":{"footnotes":""},"categories":[1],"tags":[],"class_list":["post-844","post","type-post","status-publish","format-standard","hentry","category-allgemein"],"_links":{"self":[{"href":"https:\/\/www.tsvtanzen.de\/index.php?rest_route=\/wp\/v2\/posts\/844","targetHints":{"allow":["GET"]}}],"collection":[{"href":"https:\/\/www.tsvtanzen.de\/index.php?rest_route=\/wp\/v2\/posts"}],"about":[{"href":"https:\/\/www.tsvtanzen.de\/index.php?rest_route=\/wp\/v2\/types\/post"}],"author":[{"embeddable":true,"href":"https:\/\/www.tsvtanzen.de\/index.php?rest_route=\/wp\/v2\/users\/2"}],"replies":[{"embeddable":true,"href":"https:\/\/www.tsvtanzen.de\/index.php?rest_route=%2Fwp%2Fv2%2Fcomments&post=844"}],"version-history":[{"count":2,"href":"https:\/\/www.tsvtanzen.de\/index.php?rest_route=\/wp\/v2\/posts\/844\/revisions"}],"predecessor-version":[{"id":854,"href":"https:\/\/www.tsvtanzen.de\/index.php?rest_route=\/wp\/v2\/posts\/844\/revisions\/854"}],"wp:attachment":[{"href":"https:\/\/www.tsvtanzen.de\/index.php?rest_route=%2Fwp%2Fv2%2Fmedia&parent=844"}],"wp:term":[{"taxonomy":"category","embeddable":true,"href":"https:\/\/www.tsvtanzen.de\/index.php?rest_route=%2Fwp%2Fv2%2Fcategories&post=844"},{"taxonomy":"post_tag","embeddable":true,"href":"https:\/\/www.tsvtanzen.de\/index.php?rest_route=%2Fwp%2Fv2%2Ftags&post=844"}],"curies":[{"name":"wp","href":"https:\/\/api.w.org\/{rel}","templated":true}]}}